{"id":2517,"date":"2026-09-01T13:25:04","date_gmt":"2026-09-01T16:25:04","guid":{"rendered":"https:\/\/ipespaulofreire.edu.ar\/web\/?p=2517"},"modified":"2026-09-01T13:58:05","modified_gmt":"2026-09-01T16:58:05","slug":"inscripcion-a-talleres-sf-2026","status":"publish","type":"post","link":"https:\/\/ipespaulofreire.edu.ar\/web\/inscripcion-a-talleres-sf-2026\/","title":{"rendered":"Inscripci\u00f3n a talleres SF 2026"},"content":{"rendered":"\n<div style=\"font-family: system-ui, -apple-system, 'Segoe UI', Roboto, Helvetica, Arial, sans-serif; max-width: 850px; margin: 0 auto; padding: 4px;\">\n\n  <div style=\"background-color: #ffffff; border: 1px solid #e2e8f0; border-top: 4px solid #2563eb; border-radius: 12px; padding: 24px 28px; box-shadow: 0 4px 6px -1px rgba(0, 0, 0, 0.05); text-align: left;\">\n    \n    <p style=\"margin-top: 0; margin-bottom: 16px; font-size: 1.05rem; line-height: 1.6; color: #1e293b; font-weight: 600;\">\n      Para inscribirse a las propuestas deber\u00e1 hacer clic en el flyer de su inter\u00e9s y completar el formulario prestando atenci\u00f3n a cargar sus datos correctamente.\n    <\/p>\n\n    <div style=\"background-color: #fffbeb; border: 1px solid #fde68a; border-radius: 8px; padding: 16px;\">\n      <p style=\"margin: 0; font-size: 0.95rem; line-height: 1.6; color: #92400e; font-weight: 500;\">\n        Recuerde que algunas propuestas est\u00e1n en distintos d\u00edas y horarios, y que algunas pueden tener cupo de participaci\u00f3n por cuestiones de espacio f\u00edsico.\n      <\/p>\n    <\/div>\n\n  <\/div>\n\n<\/div>\n","protected":false},"excerpt":{"rendered":"<p>Para inscribirse a las propuestas deber\u00e1 hacer clic en el flyer de su inter\u00e9s y completar el formulario prestando atenci\u00f3n a cargar sus datos correctamente. Recuerde que algunas propuestas est\u00e1n en distintos d\u00edas y horarios, y que algunas pueden tener cupo de participaci\u00f3n por cuestiones de espacio f\u00edsico.<\/p>\n","protected":false},"author":9,"featured_media":105,"comment_status":"closed","ping_status":"closed","sticky":false,"template":"","format":"standard","meta":{"footnotes":""},"categories":[97],"tags":[],"class_list":["post-2517","post","type-post","status-publish","format-standard","has-post-thumbnail","hentry","category-semana-freireana-edicion-2026"],"_links":{"self":[{"href":"https:\/\/ipespaulofreire.edu.ar\/web\/wp-json\/wp\/v2\/posts\/2517","targetHints":{"allow":["GET"]}}],"collection":[{"href":"https:\/\/ipespaulofreire.edu.ar\/web\/wp-json\/wp\/v2\/posts"}],"about":[{"href":"https:\/\/ipespaulofreire.edu.ar\/web\/wp-json\/wp\/v2\/types\/post"}],"author":[{"embeddable":true,"href":"https:\/\/ipespaulofreire.edu.ar\/web\/wp-json\/wp\/v2\/users\/9"}],"replies":[{"embeddable":true,"href":"https:\/\/ipespaulofreire.edu.ar\/web\/wp-json\/wp\/v2\/comments?post=2517"}],"version-history":[{"count":2,"href":"https:\/\/ipespaulofreire.edu.ar\/web\/wp-json\/wp\/v2\/posts\/2517\/revisions"}],"predecessor-version":[{"id":2519,"href":"https:\/\/ipespaulofreire.edu.ar\/web\/wp-json\/wp\/v2\/posts\/2517\/revisions\/2519"}],"wp:featuredmedia":[{"embeddable":true,"href":"https:\/\/ipespaulofreire.edu.ar\/web\/wp-json\/wp\/v2\/media\/105"}],"wp:attachment":[{"href":"https:\/\/ipespaulofreire.edu.ar\/web\/wp-json\/wp\/v2\/media?parent=2517"}],"wp:term":[{"taxonomy":"category","embeddable":true,"href":"https:\/\/ipespaulofreire.edu.ar\/web\/wp-json\/wp\/v2\/categories?post=2517"},{"taxonomy":"post_tag","embeddable":true,"href":"https:\/\/ipespaulofreire.edu.ar\/web\/wp-json\/wp\/v2\/tags?post=2517"}],"curies":[{"name":"wp","href":"https:\/\/api.w.org\/{rel}","templated":true}]}}