{"id":2515,"date":"2026-09-01T13:20:49","date_gmt":"2026-09-01T16:20:49","guid":{"rendered":"https:\/\/ipespaulofreire.edu.ar\/web\/?p=2515"},"modified":"2026-09-01T13:20:49","modified_gmt":"2026-09-01T16:20:49","slug":"como-acredito-mi-participacion-en-la-semana-freireana","status":"publish","type":"post","link":"https:\/\/ipespaulofreire.edu.ar\/web\/como-acredito-mi-participacion-en-la-semana-freireana\/","title":{"rendered":"\u00bfC\u00f3mo acredito mi participaci\u00f3n en la Semana Freireana?"},"content":{"rendered":"\n<div style=\"font-family: system-ui, -apple-system, 'Segoe UI', Roboto, Helvetica, Arial, sans-serif; color: #1e293b; max-width: 850px; margin: 0 auto; line-height: 1.6; padding: 12px;\">\n\n  <div style=\"text-align: center; margin-bottom: 32px;\">\n    <h2 style=\"color: #0f172a; margin: 0; font-size: 1.75rem; font-weight: 800; letter-spacing: -0.025em;\">\n      Asistencia y participaci\u00f3n en Semana Freireana:\n    <\/h2>\n  <\/div>\n\n  <div style=\"background-color: #ffffff; border: 1px solid #e2e8f0; border-radius: 12px; padding: 28px; margin-bottom: 24px; box-shadow: 0 1px 3px 0 rgba(0, 0, 0, 0.05);\">\n    <div style=\"display: inline-block; background-color: #eff6ff; color: #1d4ed8; font-weight: 700; font-size: 0.875rem; padding: 6px 14px; border-radius: 20px; letter-spacing: 0.05em; margin-bottom: 16px;\">\n      PARA ESTUDIANTES:\n    <\/div>\n    \n    <p style=\"margin-top: 0; margin-bottom: 14px; font-weight: 600; color: #334155; font-size: 1.05rem;\">\n      Cada estudiante deber\u00e1 acreditar participaci\u00f3n en, al menos, las siguientes instancias:\n    <\/p>\n    \n    <ul style=\"margin: 0 0 24px 0; padding-left: 20px; color: #334155;\">\n      <li style=\"margin-bottom: 8px;\">Conferencia de apertura, lunes 14\/9 a las 19hs en el Gimnasio de la Escuela n\u00b02 (Rivadavia y Rosales);<\/li>\n      <li style=\"margin-bottom: 8px;\">Dos talleres en cualquier horario y turno disponible a lo largo de la semana;<\/li>\n      <li style=\"margin-bottom: 8px;\">Conversatorio de cierre el mi\u00e9rcoles 16\/9 a las 16hs en el SUM de IPES<\/li>\n    <\/ul>\n\n    <div style=\"display: flex; flex-direction: column; gap: 12px;\">\n      \n      <div style=\"background-color: #f8fafc; padding: 16px; border-radius: 8px;\">\n        <p style=\"font-weight: 700; color: #0f172a; margin: 0 0 6px 0; font-size: 0.95rem;\">\n          \u00bfQu\u00e9 pasa si participo como tallerista en una propuesta de mi profesorado?\n        <\/p>\n        <p style=\"margin: 0; color: #475569; font-size: 0.95rem;\">\n          En este caso estar\u00e1s eximido de participar de otros talleres, pero sigue siendo obligatoria la participaci\u00f3n en la conferencia de apertura (lunes 14\/9) y el ateneo de cierre (mi\u00e9rcoles 16\/9)\n        <\/p>\n      <\/div>\n\n      <div style=\"background-color: #f8fafc; padding: 16px; border-radius: 8px;\">\n        <p style=\"font-weight: 700; color: #0f172a; margin: 0 0 6px 0; font-size: 0.95rem;\">\n          \u00bfQu\u00e9 pasa si, por mis horarios de trabajo u organizaci\u00f3n familiar, no puedo participar de algunas propuestas?\n        <\/p>\n        <p style=\"margin: 0; color: #475569; font-size: 0.95rem;\">\n          En el caso de la conferencia inaugural o el conversatorio de cierre, deber\u00e1s acercarte a tu tutor para comentar la situaci\u00f3n y extender una nota para que te eximan de la participaci\u00f3n. En el caso de los talleres, record\u00e1 que podes participar en cualquier turno y horario disponible, por lo que es probable que encuentres alguna propuesta en la que puedas participar.\n        <\/p>\n      <\/div>\n\n      <div style=\"background-color: #f8fafc; padding: 16px; border-radius: 8px;\">\n        <p style=\"font-weight: 700; color: #0f172a; margin: 0 0 6px 0; font-size: 0.95rem;\">\n          \u00bfQu\u00e9 pasa si no acredito las instancias m\u00ednimas de participaci\u00f3n?\n        <\/p>\n        <p style=\"margin: 0; color: #475569; font-size: 0.95rem;\">\n          En ese caso se computar\u00e1 una inasistencia en los d\u00edas de los espacios curriculares en los que estes cursando, salvo en los d\u00edas donde hayas acreditado participaci\u00f3n. Record\u00e1 que en Semana Freireana se suspenden las actividades regulares del instituto para facilitar el encuentro y la participaci\u00f3n de las diversas propuestas que llevamos adelante.\n        <\/p>\n      <\/div>\n\n    <\/div>\n  <\/div>\n\n  <div style=\"background-color: #ffffff; border: 1px solid #e2e8f0; border-radius: 12px; padding: 28px; box-shadow: 0 1px 3px 0 rgba(0, 0, 0, 0.05);\">\n    <div style=\"display: inline-block; background-color: #f0fdf4; color: #15803d; font-weight: 700; font-size: 0.875rem; padding: 6px 14px; border-radius: 20px; letter-spacing: 0.05em; margin-bottom: 16px;\">\n      PARA DOCENTES:\n    <\/div>\n    \n    <p style=\"margin-top: 0; margin-bottom: 14px; font-weight: 600; color: #334155; font-size: 1.05rem;\">\n      Todos los profesores del instituto deben acreditar la participaci\u00f3n en:\n    <\/p>\n    \n    <ul style=\"margin: 0 0 20px 0; padding-left: 20px; color: #334155;\">\n      <li style=\"margin-bottom: 10px;\">\n        Acto Inaugural y Conferencia Principal a cargo de la Mg. Silvana Corso y acompa\u00f1ada por nuestra colega y supervisora de la modalidad especial de zona norte Silvana Solohaga. La misma se realizar\u00e1 el d\u00eda lunes 14\/9 a las 19h en el gimnasio de la escuela n\u00b02 (rivadavia y rosales);\n      <\/li>\n      <li style=\"margin-bottom: 10px;\">\n        El resto de la docencia deber\u00e1 acreditar la participaci\u00f3n de al menos un (1) taller o participar del Conversatorio de Cierre de Semana Freireana \u201cBuenas Pr\u00e1cticas para potenciar la Inclusi\u00f3n\u201d, el d\u00eda mi\u00e9rcoles 16\/9 a las 16h en el Instituto;\n      <\/li>\n      <li style=\"margin-bottom: 10px;\">\n        Quienes participen de las actividades de Semana Freireana en car\u00e1cter de organizador, tallerista, conferencista u otra tarea pedag\u00f3gica o de coordinaci\u00f3n quedar\u00e1 eximido de participar de otros talleres, no as\u00ed de la conferencia principal que permanece como instancia obligatoria;\n      <\/li>\n    <\/ul>\n\n    <div style=\"background-color: #f8fafc; padding: 16px; border-radius: 8px;\">\n      <p style=\"margin: 0; color: #475569; font-size: 0.95rem;\">\n        Frente a cualquier superposici\u00f3n con actividades laborales que tenga, deber\u00e1 comunicarse con secretar\u00eda a fin de quedar eximido de la participaci\u00f3n en los d\u00edas comprometidos.\n      <\/p>\n    <\/div>\n  <\/div>\n\n<\/div>\n","protected":false},"excerpt":{"rendered":"<p>Asistencia y participaci\u00f3n en Semana Freireana: PARA ESTUDIANTES: Cada estudiante deber\u00e1 acreditar participaci\u00f3n en, al menos, las siguientes instancias: Conferencia de apertura, lunes 14\/9 a las 19hs en el Gimnasio de la Escuela n\u00b02 (Rivadavia y Rosales); Dos talleres en cualquier horario y turno disponible a lo largo de la semana; Conversatorio de cierre el [&hellip;]<\/p>\n","protected":false},"author":9,"featured_media":407,"comment_status":"closed","ping_status":"closed","sticky":false,"template":"","format":"standard","meta":{"footnotes":""},"categories":[97],"tags":[],"class_list":["post-2515","post","type-post","status-publish","format-standard","has-post-thumbnail","hentry","category-semana-freireana-edicion-2026"],"_links":{"self":[{"href":"https:\/\/ipespaulofreire.edu.ar\/web\/wp-json\/wp\/v2\/posts\/2515","targetHints":{"allow":["GET"]}}],"collection":[{"href":"https:\/\/ipespaulofreire.edu.ar\/web\/wp-json\/wp\/v2\/posts"}],"about":[{"href":"https:\/\/ipespaulofreire.edu.ar\/web\/wp-json\/wp\/v2\/types\/post"}],"author":[{"embeddable":true,"href":"https:\/\/ipespaulofreire.edu.ar\/web\/wp-json\/wp\/v2\/users\/9"}],"replies":[{"embeddable":true,"href":"https:\/\/ipespaulofreire.edu.ar\/web\/wp-json\/wp\/v2\/comments?post=2515"}],"version-history":[{"count":1,"href":"https:\/\/ipespaulofreire.edu.ar\/web\/wp-json\/wp\/v2\/posts\/2515\/revisions"}],"predecessor-version":[{"id":2516,"href":"https:\/\/ipespaulofreire.edu.ar\/web\/wp-json\/wp\/v2\/posts\/2515\/revisions\/2516"}],"wp:featuredmedia":[{"embeddable":true,"href":"https:\/\/ipespaulofreire.edu.ar\/web\/wp-json\/wp\/v2\/media\/407"}],"wp:attachment":[{"href":"https:\/\/ipespaulofreire.edu.ar\/web\/wp-json\/wp\/v2\/media?parent=2515"}],"wp:term":[{"taxonomy":"category","embeddable":true,"href":"https:\/\/ipespaulofreire.edu.ar\/web\/wp-json\/wp\/v2\/categories?post=2515"},{"taxonomy":"post_tag","embeddable":true,"href":"https:\/\/ipespaulofreire.edu.ar\/web\/wp-json\/wp\/v2\/tags?post=2515"}],"curies":[{"name":"wp","href":"https:\/\/api.w.org\/{rel}","templated":true}]}}